{"id":181,"date":"2024-11-24T12:26:58","date_gmt":"2024-11-24T11:26:58","guid":{"rendered":"https:\/\/radiobakana.net\/?p=181"},"modified":"2024-11-24T12:26:59","modified_gmt":"2024-11-24T11:26:59","slug":"la-salud-bienestar-integral-para-una-vida-plena","status":"publish","type":"post","link":"https:\/\/radiobakana.net\/?p=181","title":{"rendered":"La Salud: Bienestar Integral para una Vida Plena\u00bb"},"content":{"rendered":"\n<p>La salud se refiere al estado de completo bienestar f\u00edsico, mental y social, y no solamente a la ausencia de enfermedades o afecciones. Este concepto abarca una variedad de factores que contribuyen al bienestar general de una persona. A continuaci\u00f3n, te doy una descripci\u00f3n m\u00e1s detallada de la salud:<\/p>\n\n\n\n<h3 class=\"wp-block-heading\">Componentes de la Salud<\/h3>\n\n\n\n<ol start=\"1\" class=\"wp-block-list\">\n<li><strong>Salud F\u00edsica<\/strong>:\n<ul class=\"wp-block-list\">\n<li>Relacionada con el funcionamiento adecuado del cuerpo y sus sistemas.<\/li>\n\n\n\n<li>Incluye aspectos como la nutrici\u00f3n, el ejercicio, el descanso y la prevenci\u00f3n de enfermedades.<\/li>\n<\/ul>\n<\/li>\n\n\n\n<li><strong>Salud Mental<\/strong>:\n<ul class=\"wp-block-list\">\n<li>Implica el bienestar emocional y psicol\u00f3gico.<\/li>\n\n\n\n<li>Incluye la capacidad para manejar el estr\u00e9s, disfrutar la vida, y equilibrar las responsabilidades cotidianas.<\/li>\n<\/ul>\n<\/li>\n\n\n\n<li><strong>Salud Social<\/strong>:\n<ul class=\"wp-block-list\">\n<li>Se refiere a la capacidad de formar relaciones satisfactorias y mantener una red de apoyo social.<\/li>\n\n\n\n<li>Incluye habilidades de comunicaci\u00f3n, empat\u00eda, y participaci\u00f3n en la comunidad.<\/li>\n<\/ul>\n<\/li>\n\n\n\n<li><strong>Salud Emocional<\/strong>:\n<ul class=\"wp-block-list\">\n<li>Relacionada con la capacidad para comprender y manejar las emociones.<\/li>\n\n\n\n<li>Implica la autoestima, la resiliencia, y la capacidad para manejar los desaf\u00edos emocionales.<\/li>\n<\/ul>\n<\/li>\n\n\n\n<li><strong>Salud Espiritual<\/strong>:\n<ul class=\"wp-block-list\">\n<li>Conexi\u00f3n con valores y creencias que brindan un sentido de prop\u00f3sito y significado.<\/li>\n\n\n\n<li>Puede incluir pr\u00e1cticas religiosas o espirituales, as\u00ed como una conexi\u00f3n con la naturaleza o el arte.<\/li>\n<\/ul>\n<\/li>\n<\/ol>\n\n\n\n<h3 class=\"wp-block-heading\">Factores que Influyen en la Salud<\/h3>\n\n\n\n<ol start=\"1\" class=\"wp-block-list\">\n<li><strong>Gen\u00e9tica<\/strong>: Factores hereditarios que pueden predisponer a ciertas condiciones de salud.<\/li>\n\n\n\n<li><strong>Estilo de Vida<\/strong>: H\u00e1bitos diarios como la dieta, el ejercicio, y el consumo de sustancias.<\/li>\n\n\n\n<li><strong>Ambiente<\/strong>: Factores externos como la calidad del aire, el agua y el entorno social.<\/li>\n\n\n\n<li><strong>Acceso a la Atenci\u00f3n M\u00e9dica<\/strong>: Disponibilidad y calidad de los servicios de salud.<\/li>\n\n\n\n<li><strong>Factores Socioecon\u00f3micos<\/strong>: Incluyen ingresos, educaci\u00f3n, y ocupaci\u00f3n, que afectan el acceso y la calidad de la atenci\u00f3n sanitaria.<\/li>\n<\/ol>\n\n\n\n<p>Cuidar de la salud es un proceso continuo y multifac\u00e9tico que involucra una combinaci\u00f3n de buenos h\u00e1bitos, prevenci\u00f3n y acceso a cuidados adecuados.<\/p>\n","protected":false},"excerpt":{"rendered":"<p>La salud se refiere al estado de completo bienestar f\u00edsico, mental y social, y no solamente a la ausencia de enfermedades o afecciones. Este concepto abarca una variedad de factores que contribuyen al bienestar general de una persona. A continuaci\u00f3n, te doy una descripci\u00f3n m\u00e1s detallada de la salud: Componentes de la Salud Factores que [&hellip;]<\/p>\n","protected":false},"author":1,"featured_media":182,"comment_status":"open","ping_status":"open","sticky":false,"template":"","format":"standard","meta":{"footnotes":""},"categories":[8],"tags":[],"class_list":{"0":"post-181","1":"post","2":"type-post","3":"status-publish","4":"format-standard","5":"has-post-thumbnail","7":"category-salud"},"_links":{"self":[{"href":"https:\/\/radiobakana.net\/index.php?rest_route=\/wp\/v2\/posts\/181","targetHints":{"allow":["GET"]}}],"collection":[{"href":"https:\/\/radiobakana.net\/index.php?rest_route=\/wp\/v2\/posts"}],"about":[{"href":"https:\/\/radiobakana.net\/index.php?rest_route=\/wp\/v2\/types\/post"}],"author":[{"embeddable":true,"href":"https:\/\/radiobakana.net\/index.php?rest_route=\/wp\/v2\/users\/1"}],"replies":[{"embeddable":true,"href":"https:\/\/radiobakana.net\/index.php?rest_route=%2Fwp%2Fv2%2Fcomments&post=181"}],"version-history":[{"count":1,"href":"https:\/\/radiobakana.net\/index.php?rest_route=\/wp\/v2\/posts\/181\/revisions"}],"predecessor-version":[{"id":183,"href":"https:\/\/radiobakana.net\/index.php?rest_route=\/wp\/v2\/posts\/181\/revisions\/183"}],"wp:featuredmedia":[{"embeddable":true,"href":"https:\/\/radiobakana.net\/index.php?rest_route=\/wp\/v2\/media\/182"}],"wp:attachment":[{"href":"https:\/\/radiobakana.net\/index.php?rest_route=%2Fwp%2Fv2%2Fmedia&parent=181"}],"wp:term":[{"taxonomy":"category","embeddable":true,"href":"https:\/\/radiobakana.net\/index.php?rest_route=%2Fwp%2Fv2%2Fcategories&post=181"},{"taxonomy":"post_tag","embeddable":true,"href":"https:\/\/radiobakana.net\/index.php?rest_route=%2Fwp%2Fv2%2Ftags&post=181"}],"curies":[{"name":"wp","href":"https:\/\/api.w.org\/{rel}","templated":true}]}}